{"id":2957,"date":"2022-05-25T19:08:20","date_gmt":"2022-05-25T22:08:20","guid":{"rendered":"https:\/\/nubeinversiones.cl\/webnube\/?p=2957"},"modified":"2022-05-25T19:08:22","modified_gmt":"2022-05-25T22:08:22","slug":"cesfam-villa-alhue","status":"publish","type":"post","link":"https:\/\/nubeinversiones.cl\/webnube\/2022\/05\/25\/cesfam-villa-alhue\/","title":{"rendered":"CESFAM Villa Alhue"},"content":{"rendered":"<div class=\"wp-block-image\">\n<figure class=\"aligncenter size-full\"><img loading=\"lazy\" decoding=\"async\" width=\"660\" height=\"350\" src=\"https:\/\/nubeinversiones.cl\/webnube\/wp-content\/uploads\/2022\/05\/CESFAMALhue.jpeg\" alt=\"\" class=\"wp-image-2958\" srcset=\"https:\/\/nubeinversiones.cl\/webnube\/wp-content\/uploads\/2022\/05\/CESFAMALhue.jpeg 660w, https:\/\/nubeinversiones.cl\/webnube\/wp-content\/uploads\/2022\/05\/CESFAMALhue-300x159.jpeg 300w\" sizes=\"auto, (max-width: 660px) 100vw, 660px\" \/><\/figure><\/div>\n\n\n<p>El Mandatario particip\u00f3 de la ceremonia junto a la ministra de Salud Mar\u00eda Bego\u00f1a Yarza; el subsecretario de Redes Asistenciales, Fernando Araos; el subsecretario de Salud P\u00fablica, Crist\u00f3bal Cuadrado; y el alcalde de la comuna, Roberto Torres.<\/p>\n\n\n\n<p>Hasta la comuna de Alhu\u00e9 se traslad\u00f3 este jueves el Presidente de la Rep\u00fablica, Gabriel Boric Font, con el objetivo de inaugurar un nuevo Centro de Salud Familiar (CESFAM) para la comuna. En la ocasi\u00f3n estuvo acompa\u00f1ado por la ministra de Salud, Mar\u00eda Bego\u00f1a Yarza, y los subsecretarios Fernando Araos y Crist\u00f3bal Cuadrado.<\/p>\n\n\n\n<p>Al respecto, el Mandatario afirm\u00f3: \u201cNosotros llevamos dos meses como Gobierno y la historia de este CESFAM tiene siete a\u00f1os. El consultorio de al frente 100 a\u00f1os, la comuna 276 a\u00f1os y pienso que el poder inaugurarlo, cortar la cinta, (\u2026) no es una obra y gracia de las autoridades del momento, son esfuerzos largos en donde el Estado de Chile, que trasciende a las autoridades de turno, se pone al servicio de sus habitantes\u201d.<\/p>\n","protected":false},"excerpt":{"rendered":"<p>El Mandatario particip\u00f3 de la ceremonia junto a la ministra de Salud Mar\u00eda Bego\u00f1a Yarza; el subsecretario de Redes Asistenciales, Fernando Araos; el subsecretario de Salud P\u00fablica, Crist\u00f3bal Cuadrado; y &#8230;<\/p>\n","protected":false},"author":1,"featured_media":2958,"comment_status":"open","ping_status":"open","sticky":false,"template":"","format":"standard","meta":{"footnotes":""},"categories":[22],"tags":[],"class_list":["post-2957","post","type-post","status-publish","format-standard","has-post-thumbnail","hentry","category-noticias"],"_links":{"self":[{"href":"https:\/\/nubeinversiones.cl\/webnube\/wp-json\/wp\/v2\/posts\/2957","targetHints":{"allow":["GET"]}}],"collection":[{"href":"https:\/\/nubeinversiones.cl\/webnube\/wp-json\/wp\/v2\/posts"}],"about":[{"href":"https:\/\/nubeinversiones.cl\/webnube\/wp-json\/wp\/v2\/types\/post"}],"author":[{"embeddable":true,"href":"https:\/\/nubeinversiones.cl\/webnube\/wp-json\/wp\/v2\/users\/1"}],"replies":[{"embeddable":true,"href":"https:\/\/nubeinversiones.cl\/webnube\/wp-json\/wp\/v2\/comments?post=2957"}],"version-history":[{"count":1,"href":"https:\/\/nubeinversiones.cl\/webnube\/wp-json\/wp\/v2\/posts\/2957\/revisions"}],"predecessor-version":[{"id":2959,"href":"https:\/\/nubeinversiones.cl\/webnube\/wp-json\/wp\/v2\/posts\/2957\/revisions\/2959"}],"wp:featuredmedia":[{"embeddable":true,"href":"https:\/\/nubeinversiones.cl\/webnube\/wp-json\/wp\/v2\/media\/2958"}],"wp:attachment":[{"href":"https:\/\/nubeinversiones.cl\/webnube\/wp-json\/wp\/v2\/media?parent=2957"}],"wp:term":[{"taxonomy":"category","embeddable":true,"href":"https:\/\/nubeinversiones.cl\/webnube\/wp-json\/wp\/v2\/categories?post=2957"},{"taxonomy":"post_tag","embeddable":true,"href":"https:\/\/nubeinversiones.cl\/webnube\/wp-json\/wp\/v2\/tags?post=2957"}],"curies":[{"name":"wp","href":"https:\/\/api.w.org\/{rel}","templated":true}]}}